{"id":365,"date":"2023-11-17T12:17:23","date_gmt":"2023-11-17T12:17:23","guid":{"rendered":"https:\/\/raufutterverband.ch\/?p=365"},"modified":"2024-03-22T14:28:05","modified_gmt":"2024-03-22T14:28:05","slug":"richtpreise-heu-und-stroh-2311","status":"publish","type":"post","link":"https:\/\/www.raufutterverband.ch\/fr\/prix-indicatifs-2311\/","title":{"rendered":"Prix indicatifs du 17.11.2023"},"content":{"rendered":"\r\n<h4 class=\"wp-block-heading\">pour foin et paille<\/h4>\r\n\r\n\r\n\r\n\r\nLors de notre assembl\u00e9e g\u00e9n\u00e9rale du 17.11.2023 \u00e0 Urtenen-Sch\u00f6nb\u00fchl BE, nous avons convenu des prix indicatifs suivants en CHF\/q :<br>\r\n<br>\r\n&#8211; Foin de s\u00e9choir en grange, press\u00e9 en grosses bottes, charg\u00e9, d\u00e9part ferme : 30.- \u00e0 33.-.<br>\r\n&#8211; foin s\u00e9ch\u00e9 au champ, press\u00e9 en grosses bottes, charg\u00e9, d\u00e9part ferme : 19.- \u00e0 22.-<br>\r\n&#8211; foin s\u00e9ch\u00e9 au champ, press\u00e9 en petites bottes, charg\u00e9, d\u00e9part ferme : 23.- \u00e0 26.-.<br>&#8211; De la marchandise certifi\u00e9e Bio: plus 10 \u00e0 15%<br>\r\nCes fourchettes de prix servent \u00e0 mieux tenir compte des diff\u00e9rentes qualit\u00e9s.<br>\r\n<br>\r\nPaille pour la liti\u00e8re :<br>\r\n&#8211; press\u00e9e en grosses bottes, charg\u00e9es, d\u00e9part ferme : 15.<br>\r\n&#8211; press\u00e9e en petites bottes, charg\u00e9es, d\u00e9part ferme : 19.-<br>\r\n&#8211; De la marchandise certifi\u00e9e Bio: plus 3.- \u00e0 4.-\r\n","protected":false},"excerpt":{"rendered":"<p>pour foin et paille Lors de notre assembl\u00e9e g\u00e9n\u00e9rale du 17.11.2023 \u00e0 Urtenen-Sch\u00f6nb\u00fchl BE, nous avons convenu des prix indicatifs suivants en CHF\/q : &#8211; Foin de s\u00e9choir en grange, press\u00e9 en grosses bottes, charg\u00e9, d\u00e9part ferme : 30.- \u00e0 33.-. &#8211; foin s\u00e9ch\u00e9 au champ, press\u00e9 en grosses bottes, charg\u00e9, d\u00e9part ferme : 19.- [&hellip;]<\/p>\n","protected":false},"author":1,"featured_media":0,"comment_status":"open","ping_status":"open","sticky":false,"template":"","format":"standard","meta":{"footnotes":""},"categories":[11],"tags":[],"class_list":["post-365","post","type-post","status-publish","format-standard","hentry","category-richtpreise"],"_links":{"self":[{"href":"https:\/\/www.raufutterverband.ch\/fr\/wp-json\/wp\/v2\/posts\/365","targetHints":{"allow":["GET"]}}],"collection":[{"href":"https:\/\/www.raufutterverband.ch\/fr\/wp-json\/wp\/v2\/posts"}],"about":[{"href":"https:\/\/www.raufutterverband.ch\/fr\/wp-json\/wp\/v2\/types\/post"}],"author":[{"embeddable":true,"href":"https:\/\/www.raufutterverband.ch\/fr\/wp-json\/wp\/v2\/users\/1"}],"replies":[{"embeddable":true,"href":"https:\/\/www.raufutterverband.ch\/fr\/wp-json\/wp\/v2\/comments?post=365"}],"version-history":[{"count":1,"href":"https:\/\/www.raufutterverband.ch\/fr\/wp-json\/wp\/v2\/posts\/365\/revisions"}],"predecessor-version":[{"id":366,"href":"https:\/\/www.raufutterverband.ch\/fr\/wp-json\/wp\/v2\/posts\/365\/revisions\/366"}],"wp:attachment":[{"href":"https:\/\/www.raufutterverband.ch\/fr\/wp-json\/wp\/v2\/media?parent=365"}],"wp:term":[{"taxonomy":"category","embeddable":true,"href":"https:\/\/www.raufutterverband.ch\/fr\/wp-json\/wp\/v2\/categories?post=365"},{"taxonomy":"post_tag","embeddable":true,"href":"https:\/\/www.raufutterverband.ch\/fr\/wp-json\/wp\/v2\/tags?post=365"}],"curies":[{"name":"wp","href":"https:\/\/api.w.org\/{rel}","templated":true}]}}